{"id":3083,"date":"2024-08-31T12:43:53","date_gmt":"2024-08-31T10:43:53","guid":{"rendered":"https:\/\/www.aesclick.com\/public\/wordpress\/?p=3083"},"modified":"2024-08-31T12:44:35","modified_gmt":"2024-08-31T10:44:35","slug":"hoy-entrevistamos-a-rakelclick","status":"publish","type":"post","link":"https:\/\/www.aesclick.com\/public\/wordpress\/?p=3083","title":{"rendered":"Hoy entrevistamos a&#8230; Rakelclick"},"content":{"rendered":"\n<figure class=\"wp-block-table\"><table><tbody><tr><td class=\"has-text-align-center\" data-align=\"center\" rowspan=\"9\"><img loading=\"lazy\" decoding=\"async\" width=\"550\" height=\"413\" class=\"wp-image-3085\" style=\"width: 550px;\" src=\"https:\/\/www.aesclick.com\/public\/wordpress\/wp-content\/uploads\/2024\/08\/rakelclick1-scaled.jpg\" alt=\"\" srcset=\"https:\/\/www.aesclick.com\/public\/wordpress\/wp-content\/uploads\/2024\/08\/rakelclick1-scaled.jpg 2560w, https:\/\/www.aesclick.com\/public\/wordpress\/wp-content\/uploads\/2024\/08\/rakelclick1-300x225.jpg 300w, https:\/\/www.aesclick.com\/public\/wordpress\/wp-content\/uploads\/2024\/08\/rakelclick1-1024x768.jpg 1024w, https:\/\/www.aesclick.com\/public\/wordpress\/wp-content\/uploads\/2024\/08\/rakelclick1-768x576.jpg 768w, https:\/\/www.aesclick.com\/public\/wordpress\/wp-content\/uploads\/2024\/08\/rakelclick1-1536x1152.jpg 1536w, https:\/\/www.aesclick.com\/public\/wordpress\/wp-content\/uploads\/2024\/08\/rakelclick1-2048x1536.jpg 2048w\" sizes=\"auto, (max-width: 550px) 100vw, 550px\" \/>Rakelclick en la 7\u00aa Quedada Nacional en Tudela de Duero (Valladolid) en Septiembre de 2022.<\/td><td>\n<h2><strong>Ficha t\u00e9cnica del socio<\/strong><\/h2>\n<\/td><\/tr><tr><td class=\"has-text-align-center\" data-align=\"center\"><strong>Nick:<\/strong> Rakelclick<\/td><\/tr><tr><td class=\"has-text-align-center\" data-align=\"center\"><strong>Nombre:<\/strong> Raquel<\/td><\/tr><tr><td class=\"has-text-align-center\" data-align=\"center\"><strong>Edad:<\/strong>\u00a051<\/td><\/tr><tr><td class=\"has-text-align-center\" data-align=\"center\"><strong>Ciudad:<\/strong> Barakaldo (Bizkaia)<\/td><\/tr><tr><td class=\"has-text-align-center\" data-align=\"center\"><strong>En Aesclick desde:<\/strong> 2014<\/td><\/tr><tr><td class=\"has-text-align-center\" data-align=\"center\"><strong>N\u00ba de clicks:<\/strong>\u00a0Demasiados jajajjajajaaja<\/td><\/tr><tr><td class=\"has-text-align-center\" data-align=\"center\"><strong>Tem\u00e1tica favorita:<\/strong>\u00a0Princesas, city, mundo marino.<\/td><\/tr><tr><td class=\"has-text-align-center\" data-align=\"center\"><strong>Curiosidades:<\/strong> <br>Empec\u00e9 por seguir a Magodeoz y me qued\u00e9 porque me encant\u00f3.<\/td><\/tr><\/tbody><\/table><\/figure>\n\n\n\n<p><strong>\u00bfA qu\u00e9 edad tuviste tu primer Playmobil? \u00bfCu\u00e1l fue? \u00bfLo conservas?<\/strong><br><br>Mi primer Playmobil ya me pillo de mayor, m\u00e1s o menos cuando conocimos la asociaci\u00f3n y entramos en el mundillo. No recuerdo cual fue pero seguro que alg\u00fan pirata o alg\u00fan medieval que son las tem\u00e1ticas con las que empec\u00e9 arrastrada por mi marido (Magodeoz). S\u00ed, pero no recuerdo exactamente cual es.<\/p>\n\n\n\n<p><strong>\u00bfY a qu\u00e9 edad empezaste a coleccionarlos?<\/strong><br><br>Empec\u00e9 a coleccionarlos sobre los 40 m\u00e1s o menos, cuando fui a ver la exposici\u00f3n que se mont\u00f3 en el palacio Euskalduna en Bilbao y me acorde de lo que me gustaban.<\/p>\n\n\n\n<p><strong>\u00bfQu\u00e9 son los Playmobil para ti?<\/strong><br><br>Para m\u00ed los Playmobil son una buena manera de conocer gente nueva y desconectar del d\u00eda a d\u00eda.<\/p>\n\n\n\n<p><strong>\u00bfQu\u00e9 te aportan los Playmobil que no te aporten otros mu\u00f1ecos?<\/strong><br><br>Son una manera de socializar y de descubrir cosillas nuevas y, al planificar alg\u00fan diorama, me gusta pensar que puedo poner, escenas, edificios\u2026<\/p>\n\n\n\n<figure class=\"wp-block-table aligncenter\"><table><tbody><tr><td class=\"has-text-align-center\" data-align=\"center\"><img loading=\"lazy\" decoding=\"async\" width=\"550\" height=\"978\" class=\"wp-image-3089\" style=\"width: 550px;\" src=\"https:\/\/www.aesclick.com\/public\/wordpress\/wp-content\/uploads\/2024\/08\/IMG-20230114-WA0008.jpg\" alt=\"\" srcset=\"https:\/\/www.aesclick.com\/public\/wordpress\/wp-content\/uploads\/2024\/08\/IMG-20230114-WA0008.jpg 900w, https:\/\/www.aesclick.com\/public\/wordpress\/wp-content\/uploads\/2024\/08\/IMG-20230114-WA0008-169x300.jpg 169w, https:\/\/www.aesclick.com\/public\/wordpress\/wp-content\/uploads\/2024\/08\/IMG-20230114-WA0008-576x1024.jpg 576w, https:\/\/www.aesclick.com\/public\/wordpress\/wp-content\/uploads\/2024\/08\/IMG-20230114-WA0008-768x1365.jpg 768w, https:\/\/www.aesclick.com\/public\/wordpress\/wp-content\/uploads\/2024\/08\/IMG-20230114-WA0008-864x1536.jpg 864w\" sizes=\"auto, (max-width: 550px) 100vw, 550px\" \/><br>Un poco de cachondeo en los desmontajes, con Magodeoz, en la expo de Burgos en enero de 2023.<\/td><\/tr><\/tbody><\/table><\/figure>\n\n\n\n<p><strong>\u00bfQu\u00e9 opina tu familia o tus amigos de que colecciones Playmobil?<\/strong><br><br>A mis herman@s les gustan y a mis sobrin@s les encanta venir a casa y poder ver todas las nuevas adquisiciones y poder jugar con algunos de ellos. Si que es verdad que algunos amigos piensan que estamos locos, pero es una locura sana.<\/p>\n\n\n\n<p><strong>\u00bfTienes pensado dejar de coleccionar? \u00bfO has pensado en vender tu colecci\u00f3n?<\/strong><\/p>\n\n\n\n<p>La colecci\u00f3n completa no tengo pensado venderla pero no descarto vender algunas referencias que tenga repetidas o para hacer sitio para m\u00e1s material, jajajaja<\/p>\n\n\n\n<p>Pues por ahora no, pero si tendr\u00e9 que empezar a coleccionar tem\u00e1ticas m\u00e1s concretas porque ya casi me tengo que salir de casa de todo lo que tengo.<\/p>\n\n\n\n<p><strong>\u00bfA qu\u00e9 tipo de coleccionista de Playmobil crees que perteneces?<\/strong><br><br>Soy una coleccionista vaga, me tienen que meter las novedades por los ojos para decidirme a comprar algo, aunque luego me encanta todo y lo comprar\u00eda todo, pero hay que hacer un poco de selecci\u00f3n porque si no me arruinar\u00eda jijiji<\/p>\n\n\n\n<figure class=\"wp-block-table aligncenter\"><table><tbody><tr><td class=\"has-text-align-center\" data-align=\"center\">\u00a0 <img loading=\"lazy\" decoding=\"async\" width=\"750\" height=\"563\" class=\"wp-image-3087\" style=\"width: 750px;\" src=\"https:\/\/www.aesclick.com\/public\/wordpress\/wp-content\/uploads\/2024\/08\/IMG_20180115_084857-scaled.jpg\" alt=\"\" srcset=\"https:\/\/www.aesclick.com\/public\/wordpress\/wp-content\/uploads\/2024\/08\/IMG_20180115_084857-scaled.jpg 2560w, https:\/\/www.aesclick.com\/public\/wordpress\/wp-content\/uploads\/2024\/08\/IMG_20180115_084857-300x225.jpg 300w, https:\/\/www.aesclick.com\/public\/wordpress\/wp-content\/uploads\/2024\/08\/IMG_20180115_084857-1024x768.jpg 1024w, https:\/\/www.aesclick.com\/public\/wordpress\/wp-content\/uploads\/2024\/08\/IMG_20180115_084857-768x576.jpg 768w, https:\/\/www.aesclick.com\/public\/wordpress\/wp-content\/uploads\/2024\/08\/IMG_20180115_084857-1536x1152.jpg 1536w, https:\/\/www.aesclick.com\/public\/wordpress\/wp-content\/uploads\/2024\/08\/IMG_20180115_084857-2048x1536.jpg 2048w\" sizes=\"auto, (max-width: 750px) 100vw, 750px\" \/><br>Con este mini diorama Rakelclick gan\u00f3 la 18\u00ba edici\u00f3n del Concurso de Dioramas de Aesclick en Navidad en 2016, bajo el t\u00edtulo: \u00abBel\u00e9n en el agua\u00bb.<\/td><\/tr><\/tbody><\/table><\/figure>\n\n\n\n<p><strong>\u00bfD\u00f3nde guardas tus Playmobil m\u00e1s preciados?<\/strong><br><br>En un malet\u00edn peque\u00f1o que guardo en el armario de mi habitaci\u00f3n separados del resto de la colecci\u00f3n en breve tendr\u00e9 que cambiarlo a alguno m\u00e1s grande.<\/p>\n\n\n\n<p><strong>\u00bfSueles customizar o prefieres dejar los mu\u00f1ecos tal como son los originales?<\/strong><br><br>Depende, si tengo varios iguales, s\u00ed intento cambiarles al menos el pelo, para que al ponerlos en alg\u00fan diorama no parezca sea todo tan mon\u00f3tono, que haya variedad.<\/p>\n\n\n\n<figure class=\"wp-block-table aligncenter\"><table><tbody><tr><td class=\"has-text-align-center\" data-align=\"center\"><img loading=\"lazy\" decoding=\"async\" width=\"750\" height=\"422\" class=\"wp-image-3088\" style=\"width: 750px;\" src=\"https:\/\/www.aesclick.com\/public\/wordpress\/wp-content\/uploads\/2024\/08\/IMG-20221127-WA0003.jpg\" alt=\"\" srcset=\"https:\/\/www.aesclick.com\/public\/wordpress\/wp-content\/uploads\/2024\/08\/IMG-20221127-WA0003.jpg 1600w, https:\/\/www.aesclick.com\/public\/wordpress\/wp-content\/uploads\/2024\/08\/IMG-20221127-WA0003-300x169.jpg 300w, https:\/\/www.aesclick.com\/public\/wordpress\/wp-content\/uploads\/2024\/08\/IMG-20221127-WA0003-1024x576.jpg 1024w, https:\/\/www.aesclick.com\/public\/wordpress\/wp-content\/uploads\/2024\/08\/IMG-20221127-WA0003-768x432.jpg 768w, https:\/\/www.aesclick.com\/public\/wordpress\/wp-content\/uploads\/2024\/08\/IMG-20221127-WA0003-1536x864.jpg 1536w\" sizes=\"auto, (max-width: 750px) 100vw, 750px\" \/><br>Despu\u00e9s de los montajes en Santo Domingo de la Calzada nos merecemos un copazo (con Playgema, Playpucela, Masg, Zapador, Hispano y alguno mas que andaba por la barra) en diciembre de 2022.<\/td><\/tr><\/tbody><\/table><\/figure>\n\n\n\n<p><strong>\u00bfPuedes decirnos qu\u00e9 representa tu avatar, por qu\u00e9 lo elegiste y qu\u00e9 significa para ti?<\/strong><br><br>Mi avatar es una princesa un poco modificada de como ven\u00eda originalmente y me gusto el color azul que tiene y le cambie el pelo para ponerlo parecido al mio, no he encontrado uno que sea igual as\u00ed que es el m\u00e1s parecido. Creo que fue la primera vez que me decid\u00ed a cambiar algo de un mu\u00f1eco as\u00ed que lo considero mi primer custom.<\/p>\n\n\n\n<p><strong>\u00bfCu\u00e1l es tu tem\u00e1tica favorita y que tema te gustar\u00eda que tocase Playmobil?<\/strong><br><br>Tem\u00e1ticas favoritas no s\u00e9 si tengo definida porque me gustan cosillas de todas las tem\u00e1ticas, yo creo que la que m\u00e1s me puede gustar es city y las princesas aunque las sirenas\u2026.tambi\u00e9n me empiezan a gustar&#8230;<\/p>\n\n\n\n<p><strong>\u00bfC\u00f3mo conociste Aesclick? \u00bfPor qu\u00e9 decidiste inscribirte en la asociaci\u00f3n?<\/strong><br><br>Conoc\u00ed Aesclick gracias a mi marido, \u00e9l fue el primero de la familia que entro en el mundillo y nos arrastr\u00f3 al ni\u00f1o y a m\u00ed. Decid\u00ed apuntarme, despu\u00e9s de la primera expo en la que colabor\u00e9, vi un gran ambiente y me gusto el buen rollo.<\/p>\n\n\n\n<figure class=\"wp-block-table aligncenter\"><table><tbody><tr><td class=\"has-text-align-center\" data-align=\"center\"><img loading=\"lazy\" decoding=\"async\" width=\"750\" height=\"422\" class=\"wp-image-3093\" style=\"width: 750px;\" src=\"https:\/\/www.aesclick.com\/public\/wordpress\/wp-content\/uploads\/2024\/08\/IMG-20140914-WA0018-1.jpg\" alt=\"\" srcset=\"https:\/\/www.aesclick.com\/public\/wordpress\/wp-content\/uploads\/2024\/08\/IMG-20140914-WA0018-1.jpg 1280w, https:\/\/www.aesclick.com\/public\/wordpress\/wp-content\/uploads\/2024\/08\/IMG-20140914-WA0018-1-300x169.jpg 300w, https:\/\/www.aesclick.com\/public\/wordpress\/wp-content\/uploads\/2024\/08\/IMG-20140914-WA0018-1-1024x576.jpg 1024w, https:\/\/www.aesclick.com\/public\/wordpress\/wp-content\/uploads\/2024\/08\/IMG-20140914-WA0018-1-768x432.jpg 768w\" sizes=\"auto, (max-width: 750px) 100vw, 750px\" \/>Socios de Aesclick para la exposici\u00f3n \u00abMedinaclicks\u00bb de Medina de Pomar (Burgos) en 2014.<\/td><\/tr><\/tbody><\/table><\/figure>\n\n\n\n<p><strong>\u00bfQu\u00e9 es para ti Aesclick?<\/strong><br><br>Para m\u00ed ha supuesto entrar en un gran grupo de gente de todas las edades, condiciones y lugares, que tenemos una misma afici\u00f3n y me encanta el ambiente que se respira en cada expo, cada quedada,\u2026<\/p>\n\n\n\n<p><strong>\u00bfQu\u00e9 es lo que m\u00e1s te gusta de Aesclick? \u00bfY lo que menos?<\/strong><br><br>El ambiente y el buen rollo que hay con la gente. Lo que menos me gusta pues los malos rollos que pueda haber aunque son los menos.<\/p>\n\n\n\n<p><strong>\u00bfQu\u00e9 cambiar\u00edas de Aesclick?<\/strong><br><br>Creo que no cambiar\u00eda nada.<\/p>\n\n\n\n<p><strong>\u00bfQu\u00e9 cosas te gustar\u00eda que te proporcionara Aesclick?<\/strong><br><br>Por ahora yo creo que Aesclick me aporta todo lo que necesito para seguir formando parte de esta gran familia, Good Vibes.<\/p>\n\n\n\n<p><strong><strong><strong><br>\u00bfHas realizado alguna exposici\u00f3n con Aesclick? \u00bfDe cu\u00e1l guardas un mejor recuerdo? \u00bfPor qu\u00e9?<br><\/strong><\/strong><\/strong><br>Unas pocas, ya he perdido la cuenta. Guardo un buen recuerdo de la expo de Medina de Pomar porque era la primera que hac\u00edamos como miembros de la asociaci\u00f3n.<\/p>\n\n\n\n<figure class=\"wp-block-table\"><table><tbody><tr><td class=\"has-text-align-center\" data-align=\"center\"><img loading=\"lazy\" decoding=\"async\" width=\"550\" height=\"733\" class=\"wp-image-3086\" style=\"width: 550px;\" src=\"https:\/\/www.aesclick.com\/public\/wordpress\/wp-content\/uploads\/2024\/08\/IMG_20160805_132511-scaled.jpg\" alt=\"\" srcset=\"https:\/\/www.aesclick.com\/public\/wordpress\/wp-content\/uploads\/2024\/08\/IMG_20160805_132511-scaled.jpg 1920w, https:\/\/www.aesclick.com\/public\/wordpress\/wp-content\/uploads\/2024\/08\/IMG_20160805_132511-225x300.jpg 225w, https:\/\/www.aesclick.com\/public\/wordpress\/wp-content\/uploads\/2024\/08\/IMG_20160805_132511-768x1024.jpg 768w, https:\/\/www.aesclick.com\/public\/wordpress\/wp-content\/uploads\/2024\/08\/IMG_20160805_132511-1152x1536.jpg 1152w, https:\/\/www.aesclick.com\/public\/wordpress\/wp-content\/uploads\/2024\/08\/IMG_20160805_132511-1536x2048.jpg 1536w, https:\/\/www.aesclick.com\/public\/wordpress\/wp-content\/uploads\/2024\/08\/IMG_20160805_132511-1024x1365.jpg 1024w\" sizes=\"auto, (max-width: 550px) 100vw, 550px\" \/><br>Este fue el primer diorama en solitario de Rakelclick, en Medina de Pomar, en el bar de su hermana (2016).<\/td><\/tr><\/tbody><\/table><\/figure>\n\n\n\n<p><strong>\u00bfTienes pensado exponer pr\u00f3ximamente o en el futuro?<\/strong><\/p>\n\n\n\n<p>En este momento no tenemos ninguna planteada, pero espero que de cara a Navidad podamos volver a participar en alguna u organizar alguna por nuestra zona.<\/p>\n\n\n\n<p><strong>\u00bfQu\u00e9 es lo que m\u00e1s te gusta de estos eventos?<\/strong><br><br>Poder volver a reunirme con los amigos, colaborar en los dioramas y pasar un buen rato en buena compa\u00f1\u00eda y, sobre todo, las sobremesas despu\u00e9s de las comidas o cenas.<\/p>\n\n\n\n<p><strong>\u00bfC\u00f3mo presentar\u00edas a Aesclick a alguien que no conociera sus actividades y su fin?<\/strong><\/p>\n\n\n\n<p>Aesclick es una asociaci\u00f3n sin \u00e1nimo de lucro de gente supermaja de todas partes y condiciones que se dedica a montar exposiciones de Playmobil por toda Espa\u00f1a y, con el dinero que recaudamos, hacemos donaciones a ONG\u00b4s en las que haya ni\u00f1os en Navidad para hacerles la infancia un poco m\u00e1s feliz.<\/p>\n\n\n\n<p>Aunque seguramente si vieran el trabajo que hacemos sobrar\u00edan las palabras.<\/p>\n\n\n\n<figure class=\"wp-block-table\"><table><tbody><tr><td class=\"has-text-align-center\" data-align=\"center\"><img loading=\"lazy\" decoding=\"async\" width=\"750\" height=\"500\" class=\"wp-image-3090\" style=\"width: 750px;\" src=\"https:\/\/www.aesclick.com\/public\/wordpress\/wp-content\/uploads\/2024\/08\/IMG-20231218-WA0001.jpg\" alt=\"\" srcset=\"https:\/\/www.aesclick.com\/public\/wordpress\/wp-content\/uploads\/2024\/08\/IMG-20231218-WA0001.jpg 1600w, https:\/\/www.aesclick.com\/public\/wordpress\/wp-content\/uploads\/2024\/08\/IMG-20231218-WA0001-300x200.jpg 300w, https:\/\/www.aesclick.com\/public\/wordpress\/wp-content\/uploads\/2024\/08\/IMG-20231218-WA0001-1024x682.jpg 1024w, https:\/\/www.aesclick.com\/public\/wordpress\/wp-content\/uploads\/2024\/08\/IMG-20231218-WA0001-768x512.jpg 768w, https:\/\/www.aesclick.com\/public\/wordpress\/wp-content\/uploads\/2024\/08\/IMG-20231218-WA0001-1536x1023.jpg 1536w\" sizes=\"auto, (max-width: 750px) 100vw, 750px\" \/><br>Donaci\u00f3n en la Navidad de 2023\u00a0a la ONG \u00abCreando Futuros\u00bb, la entregamos en el colegio El Regato de Barakaldo (Bizkaia) en nombre de Aesclick.<\/td><\/tr><\/tbody><\/table><\/figure>\n\n\n\n<p class=\"has-text-align-center\">&nbsp;<a href=\"https:\/\/www.aesclick.com\/public\/wordpress\/?p=1405\">Entrevistas a los socios<\/a><\/p>\n","protected":false},"excerpt":{"rendered":"<p>Rakelclick en la 7\u00aa Quedada Nacional en Tudela de Duero<\/p>\n","protected":false},"author":1,"featured_media":0,"comment_status":"closed","ping_status":"closed","sticky":false,"template":"","format":"standard","meta":{"footnotes":""},"categories":[10],"tags":[],"class_list":["post-3083","post","type-post","status-publish","format-standard","hentry","category-entrevistas-socios"],"_links":{"self":[{"href":"https:\/\/www.aesclick.com\/public\/wordpress\/index.php?rest_route=\/wp\/v2\/posts\/3083","targetHints":{"allow":["GET"]}}],"collection":[{"href":"https:\/\/www.aesclick.com\/public\/wordpress\/index.php?rest_route=\/wp\/v2\/posts"}],"about":[{"href":"https:\/\/www.aesclick.com\/public\/wordpress\/index.php?rest_route=\/wp\/v2\/types\/post"}],"author":[{"embeddable":true,"href":"https:\/\/www.aesclick.com\/public\/wordpress\/index.php?rest_route=\/wp\/v2\/users\/1"}],"replies":[{"embeddable":true,"href":"https:\/\/www.aesclick.com\/public\/wordpress\/index.php?rest_route=%2Fwp%2Fv2%2Fcomments&post=3083"}],"version-history":[{"count":4,"href":"https:\/\/www.aesclick.com\/public\/wordpress\/index.php?rest_route=\/wp\/v2\/posts\/3083\/revisions"}],"predecessor-version":[{"id":3095,"href":"https:\/\/www.aesclick.com\/public\/wordpress\/index.php?rest_route=\/wp\/v2\/posts\/3083\/revisions\/3095"}],"wp:attachment":[{"href":"https:\/\/www.aesclick.com\/public\/wordpress\/index.php?rest_route=%2Fwp%2Fv2%2Fmedia&parent=3083"}],"wp:term":[{"taxonomy":"category","embeddable":true,"href":"https:\/\/www.aesclick.com\/public\/wordpress\/index.php?rest_route=%2Fwp%2Fv2%2Fcategories&post=3083"},{"taxonomy":"post_tag","embeddable":true,"href":"https:\/\/www.aesclick.com\/public\/wordpress\/index.php?rest_route=%2Fwp%2Fv2%2Ftags&post=3083"}],"curies":[{"name":"wp","href":"https:\/\/api.w.org\/{rel}","templated":true}]}}