{"id":3352,"date":"2025-03-31T21:17:43","date_gmt":"2025-03-31T19:17:43","guid":{"rendered":"https:\/\/www.aesclick.com\/public\/wordpress\/?p=3352"},"modified":"2025-04-02T16:09:11","modified_gmt":"2025-04-02T14:09:11","slug":"hoy-entrevistamos-a-deryck","status":"publish","type":"post","link":"https:\/\/www.aesclick.com\/public\/wordpress\/?p=3352","title":{"rendered":"Hoy entrevistamos a&#8230; Deryck"},"content":{"rendered":"\n<figure class=\"wp-block-table\"><table><tbody><tr><td class=\"has-text-align-center\" data-align=\"center\" rowspan=\"9\"><img loading=\"lazy\" decoding=\"async\" width=\"650\" height=\"867\" class=\"wp-image-3355\" style=\"width: 650px;\" src=\"https:\/\/www.aesclick.com\/public\/wordpress\/wp-content\/uploads\/2025\/03\/IMG-20241206-WA0071.jpg\" alt=\"\" srcset=\"https:\/\/www.aesclick.com\/public\/wordpress\/wp-content\/uploads\/2025\/03\/IMG-20241206-WA0071.jpg 1200w, https:\/\/www.aesclick.com\/public\/wordpress\/wp-content\/uploads\/2025\/03\/IMG-20241206-WA0071-225x300.jpg 225w, https:\/\/www.aesclick.com\/public\/wordpress\/wp-content\/uploads\/2025\/03\/IMG-20241206-WA0071-768x1024.jpg 768w, https:\/\/www.aesclick.com\/public\/wordpress\/wp-content\/uploads\/2025\/03\/IMG-20241206-WA0071-1152x1536.jpg 1152w, https:\/\/www.aesclick.com\/public\/wordpress\/wp-content\/uploads\/2025\/03\/IMG-20241206-WA0071-1024x1365.jpg 1024w\" sizes=\"auto, (max-width: 650px) 100vw, 650px\" \/>Deryck con su avatar en la palma de su mano y en la otra su s\u00edmbolo metalero.<\/td><td>\n<h2><strong>Ficha t\u00e9cnica del socio<\/strong><\/h2>\n<\/td><\/tr><tr><td class=\"has-text-align-center\" data-align=\"center\"><strong>Nick:<\/strong> Deryck<\/td><\/tr><tr><td class=\"has-text-align-center\" data-align=\"center\"><strong>Nombre:<\/strong> Jose<\/td><\/tr><tr><td class=\"has-text-align-center\" data-align=\"center\"><strong>Edad:<\/strong>&nbsp;47<\/td><\/tr><tr><td class=\"has-text-align-center\" data-align=\"center\"><strong>Ciudad:<\/strong> Burgos<\/td><\/tr><tr><td class=\"has-text-align-center\" data-align=\"center\"><strong>En Aesclick desde:<\/strong> 2000<\/td><\/tr><tr><td class=\"has-text-align-center\" data-align=\"center\"><strong>N\u00ba de clicks:<\/strong>&nbsp;2,5<\/td><\/tr><tr><td class=\"has-text-align-center\" data-align=\"center\"><strong>Tem\u00e1tica favorita:<\/strong>&nbsp;Vikingos, \u00e1rabes, medieval.<\/td><\/tr><tr><td class=\"has-text-align-center\" data-align=\"center\"><strong>Curiosidades:<\/strong> Fan\u00e1tico de los Vikingos y del Viking Metal !!!!.<\/td><\/tr><\/tbody><\/table><\/figure>\n\n\n\n<p><strong>\u00bfA qu\u00e9 edad tuviste tu primer Playmobil? \u00bfCu\u00e1l fue? \u00bfLo conservas?<\/strong><br><br>Buff, ni idea, creo que de ni\u00f1o a los 5 a\u00f1os, recuerdo soldados yankees, indios, trineo&#8230;. y algo m\u00e1s que no recuerdo, de Famobil.<\/p>\n\n\n\n<p><strong>\u00bfY a qu\u00e9 edad empezaste a coleccionarlos?<\/strong><br><br>En el 2000, cuando v\u00ed un Vikingo y pens\u00e9 porque no coleccionar \u00e9sta tem\u00e1tica que me encanta y as\u00ed hasta hoy con temas de customizaciones de \u00e9ste estilo, y algo de \u00e1rabes.<\/p>\n\n\n\n<p><strong>\u00bfQu\u00e9 son los Playmobil para ti?<\/strong><br><br>No s\u00e9 como explicarlo, un hobby sano con el que a veces jugaba con los hijos m\u00edos, la idea para \u201c crear \u201c uno, el hecho de comprar uno o varios y que lleguen, esa \u201c ilusi\u00f3n \u201c&#8230;<\/p>\n\n\n\n<p><strong>\u00bfQu\u00e9 te aportan los Playmobil que no te aporten otros mu\u00f1ecos?<\/strong><br><br>Creatividad sobre todo, hace que sean tan bonitos, tu idea reflejada en ellos. Ning\u00fan juguete te hace sentir as\u00ed.<\/p>\n\n\n\n<figure class=\"wp-block-table aligncenter\"><table><tbody><tr><td class=\"has-text-align-center\" data-align=\"center\"><img loading=\"lazy\" decoding=\"async\" width=\"750\" height=\"370\" class=\"wp-image-3360\" style=\"width: 750px;\" src=\"https:\/\/www.aesclick.com\/public\/wordpress\/wp-content\/uploads\/2025\/03\/15.jpg\" alt=\"\" srcset=\"https:\/\/www.aesclick.com\/public\/wordpress\/wp-content\/uploads\/2025\/03\/15.jpg 2048w, https:\/\/www.aesclick.com\/public\/wordpress\/wp-content\/uploads\/2025\/03\/15-300x148.jpg 300w, https:\/\/www.aesclick.com\/public\/wordpress\/wp-content\/uploads\/2025\/03\/15-1024x505.jpg 1024w, https:\/\/www.aesclick.com\/public\/wordpress\/wp-content\/uploads\/2025\/03\/15-768x378.jpg 768w, https:\/\/www.aesclick.com\/public\/wordpress\/wp-content\/uploads\/2025\/03\/15-1536x757.jpg 1536w\" sizes=\"auto, (max-width: 750px) 100vw, 750px\" \/><br><br>B\u00e1rbaros y vikingos, los favoritos de Deryck.<\/td><\/tr><\/tbody><\/table><\/figure>\n\n\n\n<p><strong>\u00bfQu\u00e9 opina tu familia o tus amigos de que colecciones Playmobil?<\/strong><br><br>Al principio raro, ahora ya saben como soy con \u00e9ste tema-hobby y les encanta, a mis amigos igual, se quedan alucinados con las cosas que ven, tanto en dioramas, organizaci\u00f3n, customs&#8230; etc. Es otro mundo, comentan.<\/p>\n\n\n\n<p><strong>\u00bfTienes pensado dejar de coleccionar? \u00bfO has pensado en vender tu colecci\u00f3n?<\/strong><\/p>\n\n\n\n<p>No, lo que me gusta lo compro, pero, dentro de mis gustos, no tengo nada de otras tem\u00e1ticas. Venderlo ? Lo veo imposible a no ser que sea una emergencia tipo econ\u00f3mica, espero y deseo que no pase, les tengo mucho apego !!!<\/p>\n\n\n\n<p><strong>\u00bfA qu\u00e9 tipo de coleccionista de Playmobil crees que perteneces?<\/strong><br><br>Coleccionista fiel a mis gustos.<\/p>\n\n\n\n<figure class=\"wp-block-table aligncenter\"><table><tbody><tr><td class=\"has-text-align-center\" data-align=\"center\">&nbsp; <img loading=\"lazy\" decoding=\"async\" width=\"750\" height=\"1000\" class=\"wp-image-3354\" style=\"width: 750px;\" src=\"https:\/\/www.aesclick.com\/public\/wordpress\/wp-content\/uploads\/2025\/03\/IMG-20241201-WA0161.jpg\" alt=\"\" srcset=\"https:\/\/www.aesclick.com\/public\/wordpress\/wp-content\/uploads\/2025\/03\/IMG-20241201-WA0161.jpg 1200w, https:\/\/www.aesclick.com\/public\/wordpress\/wp-content\/uploads\/2025\/03\/IMG-20241201-WA0161-225x300.jpg 225w, https:\/\/www.aesclick.com\/public\/wordpress\/wp-content\/uploads\/2025\/03\/IMG-20241201-WA0161-768x1024.jpg 768w, https:\/\/www.aesclick.com\/public\/wordpress\/wp-content\/uploads\/2025\/03\/IMG-20241201-WA0161-1152x1536.jpg 1152w, https:\/\/www.aesclick.com\/public\/wordpress\/wp-content\/uploads\/2025\/03\/IMG-20241201-WA0161-1024x1365.jpg 1024w\" sizes=\"auto, (max-width: 750px) 100vw, 750px\" \/><br>Blusas del Metal, versi\u00f3n Playmobil, by Deryck.<\/td><\/tr><\/tbody><\/table><\/figure>\n\n\n\n<p><strong>\u00bfD\u00f3nde guardas tus Playmobil m\u00e1s preciados?<\/strong><br><br>En Vitrinas en el sal\u00f3n de mi casa, a la vista, en 1 habitaci\u00f3n del peque\u00f1o y dem\u00e1s guardados en terraza y trastero. No tengo tanto sitio ni tanto material como otros compa\u00f1eros !!!<\/p>\n\n\n\n<p><strong>\u00bfSueles customizar o prefieres dejar los mu\u00f1ecos tal como son los originales?<\/strong><br><br>Suelo comprar 2, 1 para customizar y otro por tenerle. Y en caja cerrados, ni de co\u00f1a.<\/p>\n\n\n\n<figure class=\"wp-block-table aligncenter\"><table><tbody><tr><td class=\"has-text-align-center\" data-align=\"center\"><img loading=\"lazy\" decoding=\"async\" width=\"750\" height=\"563\" class=\"wp-image-3356\" style=\"width: 750px;\" src=\"https:\/\/www.aesclick.com\/public\/wordpress\/wp-content\/uploads\/2025\/03\/10-scaled.jpg\" alt=\"\" srcset=\"https:\/\/www.aesclick.com\/public\/wordpress\/wp-content\/uploads\/2025\/03\/10-scaled.jpg 2560w, https:\/\/www.aesclick.com\/public\/wordpress\/wp-content\/uploads\/2025\/03\/10-300x225.jpg 300w, https:\/\/www.aesclick.com\/public\/wordpress\/wp-content\/uploads\/2025\/03\/10-1024x768.jpg 1024w, https:\/\/www.aesclick.com\/public\/wordpress\/wp-content\/uploads\/2025\/03\/10-768x576.jpg 768w, https:\/\/www.aesclick.com\/public\/wordpress\/wp-content\/uploads\/2025\/03\/10-1536x1152.jpg 1536w, https:\/\/www.aesclick.com\/public\/wordpress\/wp-content\/uploads\/2025\/03\/10-2048x1536.jpg 2048w\" sizes=\"auto, (max-width: 750px) 100vw, 750px\" \/><br>Indios, una de las tribus de Deryck<\/td><\/tr><\/tbody><\/table><\/figure>\n\n\n\n<p><strong>\u00bfPuedes decirnos qu\u00e9 representa tu avatar, por qu\u00e9 lo elegiste y qu\u00e9 significa para ti?<\/strong><br><br>Como no pod\u00eda ser, un Vikingo, un Jarl Vikingo (Un Jefe Vikingo de Guerra), me representa, ya que es un Vikingo-me encantan, lo que representaron, pelo largo.<\/p>\n\n\n\n<p><strong>\u00bfCu\u00e1l es tu tem\u00e1tica favorita y que tema te gustar\u00eda que tocase Playmobil?<\/strong><br><br>Vikingo, como no, algo m\u00e1s de variedad, no refritos, est\u00e1n m\u00e1s vistos que el tebeo&#8230;. -Victoriano, tambi\u00e9n es muy bonita. Tem\u00e1tica nueva, hay mucho, todo referente a cosas antiguas, indos, hay muchas tribus, tema b\u00e1rbaros.<\/p>\n\n\n\n<p><strong>\u00bfC\u00f3mo conociste Aesclick? \u00bfPor qu\u00e9 decidiste inscribirte en la asociaci\u00f3n?<\/strong><br><br>Ya estaba en la otra pagina, no s\u00e9 si se puede indicar la misma y al ver que hab\u00eda otro compa\u00f1ero de Burgos-Burgobil, quedamos y luego vino lo dem\u00e1s.<\/p>\n\n\n\n<figure class=\"wp-block-table aligncenter\"><table><tbody><tr><td class=\"has-text-align-center\" data-align=\"center\"><img loading=\"lazy\" decoding=\"async\" width=\"750\" height=\"563\" class=\"wp-image-3357\" style=\"width: 750px;\" src=\"https:\/\/www.aesclick.com\/public\/wordpress\/wp-content\/uploads\/2025\/03\/13-scaled.jpg\" alt=\"\" srcset=\"https:\/\/www.aesclick.com\/public\/wordpress\/wp-content\/uploads\/2025\/03\/13-scaled.jpg 2560w, https:\/\/www.aesclick.com\/public\/wordpress\/wp-content\/uploads\/2025\/03\/13-300x225.jpg 300w, https:\/\/www.aesclick.com\/public\/wordpress\/wp-content\/uploads\/2025\/03\/13-1024x768.jpg 1024w, https:\/\/www.aesclick.com\/public\/wordpress\/wp-content\/uploads\/2025\/03\/13-768x576.jpg 768w, https:\/\/www.aesclick.com\/public\/wordpress\/wp-content\/uploads\/2025\/03\/13-1536x1152.jpg 1536w, https:\/\/www.aesclick.com\/public\/wordpress\/wp-content\/uploads\/2025\/03\/13-2048x1536.jpg 2048w\" sizes=\"auto, (max-width: 750px) 100vw, 750px\" \/>Deryck en el Guiness World Record de Barbastro en 2011.<\/td><\/tr><\/tbody><\/table><\/figure>\n\n\n\n<p><strong>\u00bfQu\u00e9 es para ti Aesclick?<\/strong><br><br>Un grupo de compa\u00f1eros y gente sana, donde hablar, compartir, debatir, charlar de este Gran Hobby y hasta conocer gente y amigos.<\/p>\n\n\n\n<p><strong>\u00bfQu\u00e9 es lo que m\u00e1s te gusta de Aesclick? \u00bfY lo que menos?<\/strong><br><br>Lo dicho anteriormente b\u00e1sicamente, una pagina para nosotr@s donde compartir este hobby. Lo que menos y no tendr\u00eda que estar presente son los malos rollos y enfados por bobadas ni el af\u00e1n de protagonismo&#8230; Lo que nos une es esta bonita afici\u00f3n.<\/p>\n\n\n\n<p><strong>\u00bfQu\u00e9 cambiar\u00edas de Aesclick?<\/strong><br><br>Est\u00e1 bien como est\u00e1, quiz\u00e1s lo mencionado anteriormente, que sobra tanto aqu\u00ed como en la vida.<\/p>\n\n\n\n<p><strong>\u00bfQu\u00e9 cosas te gustar\u00eda que te proporcionara Aesclick?<\/strong><br><br>Con lo que est\u00e1, esta bien.<\/p>\n\n\n\n<p><strong><strong><strong><strong>\u00bfHas participado en alguna exposici\u00f3n? \u00bfDe cu\u00e1l guardas un mejor recuerdo? \u00bfPor qu\u00e9?<\/strong><br><\/strong><\/strong><\/strong><br>En todas guardas buenos recuerdos, en todas aprendes y entablas amistad, ideas, etc. No he participado en muchas, pero algunas como por ejemplo: Record Guiness, la primera de Bilbao, las del Teatro Principal aqu\u00ed en Burgos, como en todas, por la gente que participa e interviene, la que conoces, no s\u00e9, por el buen ambiente.<\/p>\n\n\n\n<p><strong>\u00bfTienes pensado exponer pr\u00f3ximamente o en el futuro?<\/strong><\/p>\n\n\n\n<p>S\u00ed, espero y deseo, por lo menos en alguna cercana de mi ciudad o en la \u00faltima.<\/p>\n\n\n\n<p><strong>\u00bfQu\u00e9 es lo que m\u00e1s te gusta de estos eventos?<\/strong><br><br>El buen ambiente, el conocer gente, exponer, participar, el hecho de estar presente, el ser activo en los mismos, hablar con otros compa\u00f1er@s de esta afici\u00f3n que nos une.<\/p>\n\n\n\n<p><strong>\u00bfC\u00f3mo presentar\u00edas a Aesclick a alguien que no conociera sus actividades y su fin?<\/strong><\/p>\n\n\n\n<p>Un sitio donde puedes hablar de un hobby tan chulo como es este, el buen ambiente que existe, conocer gente, compartir esta gran afici\u00f3n.<\/p>\n\n\n\n<figure class=\"wp-block-table\"><table><tbody><tr><td class=\"has-text-align-center\" data-align=\"center\"><img loading=\"lazy\" decoding=\"async\" width=\"750\" height=\"1333\" class=\"wp-image-3359\" style=\"width: 750px;\" src=\"https:\/\/www.aesclick.com\/public\/wordpress\/wp-content\/uploads\/2025\/03\/IMG-20241201-WA0160.jpg\" alt=\"\" srcset=\"https:\/\/www.aesclick.com\/public\/wordpress\/wp-content\/uploads\/2025\/03\/IMG-20241201-WA0160.jpg 900w, https:\/\/www.aesclick.com\/public\/wordpress\/wp-content\/uploads\/2025\/03\/IMG-20241201-WA0160-169x300.jpg 169w, https:\/\/www.aesclick.com\/public\/wordpress\/wp-content\/uploads\/2025\/03\/IMG-20241201-WA0160-576x1024.jpg 576w, https:\/\/www.aesclick.com\/public\/wordpress\/wp-content\/uploads\/2025\/03\/IMG-20241201-WA0160-768x1365.jpg 768w, https:\/\/www.aesclick.com\/public\/wordpress\/wp-content\/uploads\/2025\/03\/IMG-20241201-WA0160-864x1536.jpg 864w\" sizes=\"auto, (max-width: 750px) 100vw, 750px\" \/><br>Algunos de los vikingos de Deryck en el \u00abAsalto a Par\u00eds\u00bb, en la expo del teatro Principal de Burgos, en 2019.<\/td><\/tr><\/tbody><\/table><\/figure>\n\n\n\n<p class=\"has-text-align-center\">&nbsp;<a href=\"https:\/\/www.aesclick.com\/public\/wordpress\/?p=1405\">Entrevistas a los socios<\/a><\/p>\n","protected":false},"excerpt":{"rendered":"<p>Deryck con su avatar en la palma de su mano<\/p>\n","protected":false},"author":1,"featured_media":3355,"comment_status":"closed","ping_status":"closed","sticky":false,"template":"","format":"standard","meta":{"footnotes":""},"categories":[10],"tags":[],"class_list":["post-3352","post","type-post","status-publish","format-standard","has-post-thumbnail","hentry","category-entrevistas-socios"],"_links":{"self":[{"href":"https:\/\/www.aesclick.com\/public\/wordpress\/index.php?rest_route=\/wp\/v2\/posts\/3352","targetHints":{"allow":["GET"]}}],"collection":[{"href":"https:\/\/www.aesclick.com\/public\/wordpress\/index.php?rest_route=\/wp\/v2\/posts"}],"about":[{"href":"https:\/\/www.aesclick.com\/public\/wordpress\/index.php?rest_route=\/wp\/v2\/types\/post"}],"author":[{"embeddable":true,"href":"https:\/\/www.aesclick.com\/public\/wordpress\/index.php?rest_route=\/wp\/v2\/users\/1"}],"replies":[{"embeddable":true,"href":"https:\/\/www.aesclick.com\/public\/wordpress\/index.php?rest_route=%2Fwp%2Fv2%2Fcomments&post=3352"}],"version-history":[{"count":3,"href":"https:\/\/www.aesclick.com\/public\/wordpress\/index.php?rest_route=\/wp\/v2\/posts\/3352\/revisions"}],"predecessor-version":[{"id":3367,"href":"https:\/\/www.aesclick.com\/public\/wordpress\/index.php?rest_route=\/wp\/v2\/posts\/3352\/revisions\/3367"}],"wp:featuredmedia":[{"embeddable":true,"href":"https:\/\/www.aesclick.com\/public\/wordpress\/index.php?rest_route=\/wp\/v2\/media\/3355"}],"wp:attachment":[{"href":"https:\/\/www.aesclick.com\/public\/wordpress\/index.php?rest_route=%2Fwp%2Fv2%2Fmedia&parent=3352"}],"wp:term":[{"taxonomy":"category","embeddable":true,"href":"https:\/\/www.aesclick.com\/public\/wordpress\/index.php?rest_route=%2Fwp%2Fv2%2Fcategories&post=3352"},{"taxonomy":"post_tag","embeddable":true,"href":"https:\/\/www.aesclick.com\/public\/wordpress\/index.php?rest_route=%2Fwp%2Fv2%2Ftags&post=3352"}],"curies":[{"name":"wp","href":"https:\/\/api.w.org\/{rel}","templated":true}]}}