{"id":3462,"date":"2025-07-30T19:51:33","date_gmt":"2025-07-30T17:51:33","guid":{"rendered":"https:\/\/www.aesclick.com\/public\/wordpress\/?p=3462"},"modified":"2025-07-30T19:55:46","modified_gmt":"2025-07-30T17:55:46","slug":"hoy-entrevistamos-a-barbacana","status":"publish","type":"post","link":"https:\/\/www.aesclick.com\/public\/wordpress\/?p=3462","title":{"rendered":"Hoy entrevistamos a&#8230; Barbacana"},"content":{"rendered":"\n<figure class=\"wp-block-table\"><table><tbody><tr><td class=\"has-text-align-center\" data-align=\"center\" rowspan=\"9\"><img loading=\"lazy\" decoding=\"async\" width=\"1200\" height=\"855\" class=\"wp-image-3456\" style=\"width: 1200px;\" src=\"https:\/\/www.aesclick.com\/public\/wordpress\/wp-content\/uploads\/2025\/07\/barbacana-scaled.jpg\" alt=\"\" srcset=\"https:\/\/www.aesclick.com\/public\/wordpress\/wp-content\/uploads\/2025\/07\/barbacana-scaled.jpg 2560w, https:\/\/www.aesclick.com\/public\/wordpress\/wp-content\/uploads\/2025\/07\/barbacana-300x214.jpg 300w, https:\/\/www.aesclick.com\/public\/wordpress\/wp-content\/uploads\/2025\/07\/barbacana-1024x730.jpg 1024w, https:\/\/www.aesclick.com\/public\/wordpress\/wp-content\/uploads\/2025\/07\/barbacana-768x547.jpg 768w, https:\/\/www.aesclick.com\/public\/wordpress\/wp-content\/uploads\/2025\/07\/barbacana-1536x1095.jpg 1536w, https:\/\/www.aesclick.com\/public\/wordpress\/wp-content\/uploads\/2025\/07\/barbacana-2048x1460.jpg 2048w\" sizes=\"auto, (max-width: 1200px) 100vw, 1200px\" \/>Barbacana y su avatar.<\/td><td>\n<h2><strong>Ficha t\u00e9cnica del socio<\/strong><\/h2>\n<\/td><\/tr><tr><td class=\"has-text-align-center\" data-align=\"center\"><strong>Nick:<\/strong> Barbacana<\/td><\/tr><tr><td class=\"has-text-align-center\" data-align=\"center\"><strong>Nombre:<\/strong> Rodrigo<\/td><\/tr><tr><td class=\"has-text-align-center\" data-align=\"center\"><strong>Edad:<\/strong>\u00a053<\/td><\/tr><tr><td class=\"has-text-align-center\" data-align=\"center\"><strong>Ciudad:<\/strong> Burgos<\/td><\/tr><tr><td class=\"has-text-align-center\" data-align=\"center\"><strong>En Aesclick desde:<\/strong> 2014<\/td><\/tr><tr><td class=\"has-text-align-center\" data-align=\"center\"><strong>N\u00ba de clicks:<\/strong>\u00a0M\u00e1s de 600<\/td><\/tr><tr><td class=\"has-text-align-center\" data-align=\"center\"><strong>Tem\u00e1tica favorita:<\/strong>\u00a0Militar, sobre todo 2\u00aa Guerra Mundial.<\/td><\/tr><tr><td class=\"has-text-align-center\" data-align=\"center\"><strong>Curiosidades:<\/strong> Una vez utilic\u00e9 el Octubre Rojo como portal de Bel\u00e9n para un diorama bajo el mar.<\/td><\/tr><\/tbody><\/table><\/figure>\n\n\n\n<p><strong>\u00bfA qu\u00e9 edad tuviste tu primer Playmobil? \u00bfCu\u00e1l fue? \u00bfLo conservas?<\/strong><br><br>Muy pronto, me lo trajeron los Reyes con 3 a\u00f1os: una cajita de Famobil.<\/p>\n\n\n\n<p>Era el famoso sheriff, no conservo el primero, no sobrevivi\u00f3 a mi infancia, ni a la escoba de mi madre, pero posteriormente me hice con \u00e9l.<\/p>\n\n\n\n<p><strong>\u00bfY a qu\u00e9 edad empezaste a coleccionarlos?<\/strong><br><br>Realmente de peque\u00f1o no los coleccionaba, simplemente conviv\u00edan con Airgamboys, Tente, Exin castillos y dem\u00e1s juguetes de la \u00e9poca.<\/p>\n\n\n\n<p>Fue ya con mas o menos 40 a\u00f1os que los rescat\u00e9 del trastero y empec\u00e9 a completar y ampliar los que ten\u00eda.<\/p>\n\n\n\n<p><strong>\u00bfQu\u00e9 son los Playmobil para ti?<\/strong><br><br>Ahora mismo significan compartir una afici\u00f3n con un grupo de gente excelente.<\/p>\n\n\n\n<p>Qui\u00e9n puede pedir m\u00e1s.<\/p>\n\n\n\n<p><strong>\u00bfQu\u00e9 te aportan los Playmobil que no te aporten otros mu\u00f1ecos?<\/strong><br><br>Playmobil es por excelencia el mu\u00f1eco perfecto para montar dioramas, tanto por tama\u00f1o como por diferentes tem\u00e1ticas, incluso las que no se fabrican.<\/p>\n\n\n\n<p>Aqu\u00ed cabemos todos.<\/p>\n\n\n\n<figure class=\"wp-block-table aligncenter\"><table><tbody><tr><td class=\"has-text-align-center\" data-align=\"center\"><img loading=\"lazy\" decoding=\"async\" width=\"950\" height=\"534\" class=\"wp-image-3460\" style=\"width: 950px;\" src=\"https:\/\/www.aesclick.com\/public\/wordpress\/wp-content\/uploads\/2025\/07\/Mi-mesa-de-trabajo.-Tanque-Tigre-recien-pintado-2024.jpg\" alt=\"\" srcset=\"https:\/\/www.aesclick.com\/public\/wordpress\/wp-content\/uploads\/2025\/07\/Mi-mesa-de-trabajo.-Tanque-Tigre-recien-pintado-2024.jpg 1600w, https:\/\/www.aesclick.com\/public\/wordpress\/wp-content\/uploads\/2025\/07\/Mi-mesa-de-trabajo.-Tanque-Tigre-recien-pintado-2024-300x169.jpg 300w, https:\/\/www.aesclick.com\/public\/wordpress\/wp-content\/uploads\/2025\/07\/Mi-mesa-de-trabajo.-Tanque-Tigre-recien-pintado-2024-1024x576.jpg 1024w, https:\/\/www.aesclick.com\/public\/wordpress\/wp-content\/uploads\/2025\/07\/Mi-mesa-de-trabajo.-Tanque-Tigre-recien-pintado-2024-768x432.jpg 768w, https:\/\/www.aesclick.com\/public\/wordpress\/wp-content\/uploads\/2025\/07\/Mi-mesa-de-trabajo.-Tanque-Tigre-recien-pintado-2024-1536x864.jpg 1536w\" sizes=\"auto, (max-width: 950px) 100vw, 950px\" \/><br>Mesa de trabajo de Barbacana. Tanque Tigre reci\u00e9n pintado en 2024.<\/td><\/tr><\/tbody><\/table><\/figure>\n\n\n\n<p><strong>\u00bfQu\u00e9 opina tu familia o tus amigos de que colecciones Playmobil?<\/strong><br><br>A la mayor\u00eda les parece una estupenda afici\u00f3n, otros opinan que es una frikada como otra cualquiera, intento que no me quite tiempo con la familia, pero todos me ven disfrutar.<\/p>\n\n\n\n<p><strong>\u00bfTienes pensado dejar de coleccionar? \u00bfO has pensado en vender tu colecci\u00f3n?<\/strong><\/p>\n\n\n\n<p>Soy un coleccionista nato, tengo mucha variedad aunque me suelo quitar alguna tem\u00e1tica que acaba en mis manos y me ocupan espacio que necesito para las que me gustan.<\/p>\n\n\n\n<p>De momento seguir\u00e1n conmigo durante mucho tiempo.\u00a0<\/p>\n\n\n\n<p><strong>\u00bfA qu\u00e9 tipo de coleccionista de Playmobil crees que perteneces?<\/strong><br><br>Creo que aunque no tengo una colecci\u00f3n enorme puedo aportar al grupo mi granito de arena (siempre intentando hacer cosas in\u00e9ditas) me encanta montar dioramas.<\/p>\n\n\n\n<figure class=\"wp-block-table aligncenter\"><table><tbody><tr><td class=\"has-text-align-center\" data-align=\"center\">\u00a0 <img loading=\"lazy\" decoding=\"async\" width=\"950\" height=\"534\" class=\"wp-image-3461\" style=\"width: 950px;\" src=\"https:\/\/www.aesclick.com\/public\/wordpress\/wp-content\/uploads\/2025\/07\/Preparando-la-Batalla-de-los-tres-ejercitos-de-Astorga-expuesto-en-Astorga-en-octubre-2018.jpg\" alt=\"\" srcset=\"https:\/\/www.aesclick.com\/public\/wordpress\/wp-content\/uploads\/2025\/07\/Preparando-la-Batalla-de-los-tres-ejercitos-de-Astorga-expuesto-en-Astorga-en-octubre-2018.jpg 2000w, https:\/\/www.aesclick.com\/public\/wordpress\/wp-content\/uploads\/2025\/07\/Preparando-la-Batalla-de-los-tres-ejercitos-de-Astorga-expuesto-en-Astorga-en-octubre-2018-300x169.jpg 300w, https:\/\/www.aesclick.com\/public\/wordpress\/wp-content\/uploads\/2025\/07\/Preparando-la-Batalla-de-los-tres-ejercitos-de-Astorga-expuesto-en-Astorga-en-octubre-2018-1024x576.jpg 1024w, https:\/\/www.aesclick.com\/public\/wordpress\/wp-content\/uploads\/2025\/07\/Preparando-la-Batalla-de-los-tres-ejercitos-de-Astorga-expuesto-en-Astorga-en-octubre-2018-768x432.jpg 768w, https:\/\/www.aesclick.com\/public\/wordpress\/wp-content\/uploads\/2025\/07\/Preparando-la-Batalla-de-los-tres-ejercitos-de-Astorga-expuesto-en-Astorga-en-octubre-2018-1536x864.jpg 1536w\" sizes=\"auto, (max-width: 950px) 100vw, 950px\" \/><br>Preparando la \u00abBatalla de los Tres Ej\u00e9rcitos\u00bb expuesta en Astorga en octubre de 2018<\/td><\/tr><\/tbody><\/table><\/figure>\n\n\n\n<p><strong>\u00bfD\u00f3nde guardas tus Playmobil m\u00e1s preciados?<\/strong><br><br>En vitrinas a la vista, tengo varias en dos habitaciones, me gusta contemplarlos, disfruto mucho viendo los m\u00edos y los de mis queridos compa\u00f1eros cuando voy a sus casas.<\/p>\n\n\n\n<p><strong>\u00bfSueles customizar o prefieres dejar los mu\u00f1ecos tal como son los originales?<\/strong><br><br>Mitad y mitad, muchos son perfectos como est\u00e1n, en eso soy purista pero dadas mis tem\u00e1ticas preferidas customizo con masilla, resina, pintura, impresi\u00f3n 3D y cualquier material que me valga tanto personajes como casas y veh\u00edculos.<\/p>\n\n\n\n<p><strong>\u00bfPuedes decirnos qu\u00e9 representa tu avatar, por qu\u00e9 lo elegiste y qu\u00e9 significa para ti?<\/strong><br><br>Barbacana es el Alf\u00e9rez de Castilla, est\u00e1 al mando del ej\u00e9rcito del Rey, curtido en mil batallas, siempre alerta.<\/p>\n\n\n\n<p>La frontera del reino es peligrosa\u2026<\/p>\n\n\n\n<p><strong>\u00bfCu\u00e1l es tu tem\u00e1tica favorita y que tema te gustar\u00eda que tocase Playmobil?<\/strong><\/p>\n\n\n\n<p>Por supuesto la 2\u00aa Guerra Mundial, aunque no hay batalla hist\u00f3rica que no me guste, guerras Napole\u00f3nicas, ingleses coloniales, uniformes muy vistosos todos ellos.<\/p>\n\n\n\n<p>Respecto a Playmobil me gustar\u00eda que volvieran a sacar Guerra Civil Americana.<\/p>\n\n\n\n<p><strong>\u00bfC\u00f3mo conociste Aesclick? \u00bfPor qu\u00e9 decidiste inscribirte en la asociaci\u00f3n?<\/strong><\/p>\n\n\n\n<p>Compart\u00eda afici\u00f3n con dos compa\u00f1eros del trabajo Chema (El CID) y H\u00e9ctor (HISPANO).<\/p>\n\n\n\n<p>Ellos me presentaron a Burgobil (EL PRESI), lo dem\u00e1s vino solo, les acompa\u00f1\u00e9 a alguno de los montajes y me enganch\u00f3 la gente, las cooperaciones y en general el ambiente.<br><\/p>\n\n\n\n<figure class=\"wp-block-table aligncenter\"><table><tbody><tr><td class=\"has-text-align-center\" data-align=\"center\"><img loading=\"lazy\" decoding=\"async\" width=\"950\" height=\"712\" class=\"wp-image-3457\" style=\"width: 950px;\" src=\"https:\/\/www.aesclick.com\/public\/wordpress\/wp-content\/uploads\/2025\/07\/Coliseum-Burgos-Toda-la-aficion-del-San-Pablo-Expo-Burgos-Navidad-2019.jpg\" alt=\"\" srcset=\"https:\/\/www.aesclick.com\/public\/wordpress\/wp-content\/uploads\/2025\/07\/Coliseum-Burgos-Toda-la-aficion-del-San-Pablo-Expo-Burgos-Navidad-2019.jpg 602w, https:\/\/www.aesclick.com\/public\/wordpress\/wp-content\/uploads\/2025\/07\/Coliseum-Burgos-Toda-la-aficion-del-San-Pablo-Expo-Burgos-Navidad-2019-300x225.jpg 300w\" sizes=\"auto, (max-width: 950px) 100vw, 950px\" \/><br>Coliseum Burgos, toda la afici\u00f3n del San Pablo, expo de Burgos en Navidad de 2019.<\/td><\/tr><\/tbody><\/table><\/figure>\n\n\n\n<p><strong>\u00bfQu\u00e9 es para ti Aesclick?<\/strong><br><br>Sencillamente es el hilo conductor que da sentido a esta bonita afici\u00f3n.<\/p>\n\n\n\n<p><strong>\u00bfQu\u00e9 es lo que m\u00e1s te gusta de Aesclick? \u00bfY lo que menos?<\/strong><br><br>Que es una asociaci\u00f3n abierta a todo el mundo, tiene una din\u00e1mica imparable y la gente disfruta con lo que hace.<\/p>\n\n\n\n<p>Aunque no todo el mundo lo ve as\u00ed y a veces hay peque\u00f1as o grandes fricciones.<\/p>\n\n\n\n<p><strong>\u00bfQu\u00e9 cambiar\u00edas de Aesclick?<\/strong><br><br>En este momento es algo que funciona muy bien, y lo que funciona no hay que tocarlo, aunque siempre hay que evolucionar.<\/p>\n\n\n\n<p><strong>\u00bfQu\u00e9 cosas te gustar\u00eda que te proporcionara Aesclick?<\/strong><br><br>Ese sentimiento de pertenecer a algo m\u00e1s grande que proporciona tanta alegr\u00eda ya lo tenemos; \u00bfQu\u00e9 mas queremos?<\/p>\n\n\n\n<p><strong><strong><strong><strong><strong><strong>\u00bfHas participado en alguna exposici\u00f3n?&#8230; \u00bfDe cu\u00e1l guardas un mejor recuerdo? \u00bfPor qu\u00e9?<\/strong><\/strong><\/strong><br><\/strong><\/strong><\/strong><br>S\u00ed, en unas cuantas.<\/p>\n\n\n\n<p>El mejor recuerdo lo guardo de la que hicimos en Burgos en las Navidades de 2019, realmente fue un \u00e9xito en todos los sentidos (lo petamos) casi 19.000 visitas en un mes.<\/p>\n\n\n\n<p><strong>\u00bf<\/strong><strong>Tienes pensado exponer pr\u00f3ximamente o en el futuro<\/strong><strong>?<\/strong><\/p>\n\n\n\n<p>Ahora mismo tengo montada la urna de pediatr\u00eda del hospital y siempre estoy preparando algo nuevo, sobre todo en Navidades.<\/p>\n\n\n\n<p><strong>\u00bfQu\u00e9 es lo que m\u00e1s te gusta de estos eventos?<\/strong><br><br>El momento en el que terminamos el montaje justo antes de inaugurarlo, el orgullo con el que todos esperamos la apertura de puertas y ver como mayores y peque\u00f1os por igual lo vivimos con ilusi\u00f3n.<\/p>\n\n\n\n<p><strong>\u00bfC\u00f3mo presentar\u00edas a Aesclick a alguien que no conociera sus actividades y su fin?<\/strong><\/p>\n\n\n\n<p>Como lo hago habitualmente, les explico que somos una asociaci\u00f3n de gente estupenda que compartimos afici\u00f3n, sin \u00e1nimo de lucro y que colaboramos haciendo donaciones a otras asociaciones e instituciones que trabajan con ni\u00f1os, en definitiva que lo pasamos estupendamente.<\/p>\n\n\n\n<figure class=\"wp-block-table aligncenter\"><table><tbody><tr><td><img loading=\"lazy\" decoding=\"async\" width=\"950\" height=\"534\" class=\"wp-image-3459\" style=\"width: 950px;\" src=\"https:\/\/www.aesclick.com\/public\/wordpress\/wp-content\/uploads\/2025\/07\/Diorama.-Tobruk-Expo-en-Burgos-Navidades-de-2023.jpg\" alt=\"\" srcset=\"https:\/\/www.aesclick.com\/public\/wordpress\/wp-content\/uploads\/2025\/07\/Diorama.-Tobruk-Expo-en-Burgos-Navidades-de-2023.jpg 1600w, https:\/\/www.aesclick.com\/public\/wordpress\/wp-content\/uploads\/2025\/07\/Diorama.-Tobruk-Expo-en-Burgos-Navidades-de-2023-300x169.jpg 300w, https:\/\/www.aesclick.com\/public\/wordpress\/wp-content\/uploads\/2025\/07\/Diorama.-Tobruk-Expo-en-Burgos-Navidades-de-2023-1024x576.jpg 1024w, https:\/\/www.aesclick.com\/public\/wordpress\/wp-content\/uploads\/2025\/07\/Diorama.-Tobruk-Expo-en-Burgos-Navidades-de-2023-768x432.jpg 768w, https:\/\/www.aesclick.com\/public\/wordpress\/wp-content\/uploads\/2025\/07\/Diorama.-Tobruk-Expo-en-Burgos-Navidades-de-2023-1536x864.jpg 1536w\" sizes=\"auto, (max-width: 950px) 100vw, 950px\" \/><br>Diorama Tobruk. Expo en Burgos en Navidades de 2023.<\/td><td class=\"has-text-align-center\" data-align=\"center\"><img loading=\"lazy\" decoding=\"async\" width=\"950\" height=\"534\" class=\"wp-image-3458\" style=\"width: 950px;\" src=\"https:\/\/www.aesclick.com\/public\/wordpress\/wp-content\/uploads\/2025\/07\/Diorama.-Tobruk-2-Expo-en-Burgos-Navidades-de-2023.jpg\" alt=\"\" srcset=\"https:\/\/www.aesclick.com\/public\/wordpress\/wp-content\/uploads\/2025\/07\/Diorama.-Tobruk-2-Expo-en-Burgos-Navidades-de-2023.jpg 1600w, https:\/\/www.aesclick.com\/public\/wordpress\/wp-content\/uploads\/2025\/07\/Diorama.-Tobruk-2-Expo-en-Burgos-Navidades-de-2023-300x169.jpg 300w, https:\/\/www.aesclick.com\/public\/wordpress\/wp-content\/uploads\/2025\/07\/Diorama.-Tobruk-2-Expo-en-Burgos-Navidades-de-2023-1024x576.jpg 1024w, https:\/\/www.aesclick.com\/public\/wordpress\/wp-content\/uploads\/2025\/07\/Diorama.-Tobruk-2-Expo-en-Burgos-Navidades-de-2023-768x432.jpg 768w, https:\/\/www.aesclick.com\/public\/wordpress\/wp-content\/uploads\/2025\/07\/Diorama.-Tobruk-2-Expo-en-Burgos-Navidades-de-2023-1536x864.jpg 1536w\" sizes=\"auto, (max-width: 950px) 100vw, 950px\" \/><br>Diorama Tobruk. Expo en Burgos en Navidades de 2023.<\/td><\/tr><\/tbody><\/table><\/figure>\n\n\n\n<p class=\"has-text-align-center\">&nbsp;<a href=\"https:\/\/www.aesclick.com\/public\/wordpress\/?p=1405\">Entrevistas a los socios<\/a><\/p>\n","protected":false},"excerpt":{"rendered":"<p>Barbacana y su avatar. Ficha t\u00e9cnica del socio Nick: Barbacana<\/p>\n","protected":false},"author":1,"featured_media":3456,"comment_status":"closed","ping_status":"closed","sticky":false,"template":"","format":"standard","meta":{"footnotes":""},"categories":[10],"tags":[],"class_list":["post-3462","post","type-post","status-publish","format-standard","has-post-thumbnail","hentry","category-entrevistas-socios"],"_links":{"self":[{"href":"https:\/\/www.aesclick.com\/public\/wordpress\/index.php?rest_route=\/wp\/v2\/posts\/3462","targetHints":{"allow":["GET"]}}],"collection":[{"href":"https:\/\/www.aesclick.com\/public\/wordpress\/index.php?rest_route=\/wp\/v2\/posts"}],"about":[{"href":"https:\/\/www.aesclick.com\/public\/wordpress\/index.php?rest_route=\/wp\/v2\/types\/post"}],"author":[{"embeddable":true,"href":"https:\/\/www.aesclick.com\/public\/wordpress\/index.php?rest_route=\/wp\/v2\/users\/1"}],"replies":[{"embeddable":true,"href":"https:\/\/www.aesclick.com\/public\/wordpress\/index.php?rest_route=%2Fwp%2Fv2%2Fcomments&post=3462"}],"version-history":[{"count":2,"href":"https:\/\/www.aesclick.com\/public\/wordpress\/index.php?rest_route=\/wp\/v2\/posts\/3462\/revisions"}],"predecessor-version":[{"id":3464,"href":"https:\/\/www.aesclick.com\/public\/wordpress\/index.php?rest_route=\/wp\/v2\/posts\/3462\/revisions\/3464"}],"wp:featuredmedia":[{"embeddable":true,"href":"https:\/\/www.aesclick.com\/public\/wordpress\/index.php?rest_route=\/wp\/v2\/media\/3456"}],"wp:attachment":[{"href":"https:\/\/www.aesclick.com\/public\/wordpress\/index.php?rest_route=%2Fwp%2Fv2%2Fmedia&parent=3462"}],"wp:term":[{"taxonomy":"category","embeddable":true,"href":"https:\/\/www.aesclick.com\/public\/wordpress\/index.php?rest_route=%2Fwp%2Fv2%2Fcategories&post=3462"},{"taxonomy":"post_tag","embeddable":true,"href":"https:\/\/www.aesclick.com\/public\/wordpress\/index.php?rest_route=%2Fwp%2Fv2%2Ftags&post=3462"}],"curies":[{"name":"wp","href":"https:\/\/api.w.org\/{rel}","templated":true}]}}