{"id":3808,"date":"2026-05-01T19:21:26","date_gmt":"2026-05-01T17:21:26","guid":{"rendered":"https:\/\/www.aesclick.com\/public\/wordpress\/?p=3808"},"modified":"2026-05-01T19:21:28","modified_gmt":"2026-05-01T17:21:28","slug":"hoy-entrevistamos-a-yayo","status":"publish","type":"post","link":"https:\/\/www.aesclick.com\/public\/wordpress\/?p=3808","title":{"rendered":"Hoy entrevistamos a&#8230; Yayo"},"content":{"rendered":"\n<figure class=\"wp-block-table\"><table><tbody><tr><td class=\"has-text-align-center\" data-align=\"center\" rowspan=\"9\"><img loading=\"lazy\" decoding=\"async\" width=\"750\" height=\"500\" class=\"wp-image-3805\" style=\"width: 750px;\" src=\"https:\/\/www.aesclick.com\/public\/wordpress\/wp-content\/uploads\/2026\/05\/Exposcion-en-Bilbao-Dic-2012-scaled.jpg\" alt=\"\" srcset=\"https:\/\/www.aesclick.com\/public\/wordpress\/wp-content\/uploads\/2026\/05\/Exposcion-en-Bilbao-Dic-2012-scaled.jpg 2560w, https:\/\/www.aesclick.com\/public\/wordpress\/wp-content\/uploads\/2026\/05\/Exposcion-en-Bilbao-Dic-2012-300x200.jpg 300w, https:\/\/www.aesclick.com\/public\/wordpress\/wp-content\/uploads\/2026\/05\/Exposcion-en-Bilbao-Dic-2012-1024x683.jpg 1024w, https:\/\/www.aesclick.com\/public\/wordpress\/wp-content\/uploads\/2026\/05\/Exposcion-en-Bilbao-Dic-2012-768x512.jpg 768w, https:\/\/www.aesclick.com\/public\/wordpress\/wp-content\/uploads\/2026\/05\/Exposcion-en-Bilbao-Dic-2012-1536x1024.jpg 1536w, https:\/\/www.aesclick.com\/public\/wordpress\/wp-content\/uploads\/2026\/05\/Exposcion-en-Bilbao-Dic-2012-2048x1365.jpg 2048w\" sizes=\"auto, (max-width: 750px) 100vw, 750px\" \/>Yayo montando en la exposici\u00f3n de Bilbao en diciembre de 2012.<\/td><td>\n<h2><strong>Ficha t\u00e9cnica del socio<\/strong><\/h2>\n<\/td><\/tr><tr><td class=\"has-text-align-center\" data-align=\"center\"><strong>Nick:<\/strong> Yayo<\/td><\/tr><tr><td class=\"has-text-align-center\" data-align=\"center\"><strong>Nombre:<\/strong> Miguel Angel<\/td><\/tr><tr><td class=\"has-text-align-center\" data-align=\"center\"><strong>Edad:<\/strong>\u00a055<\/td><\/tr><tr><td class=\"has-text-align-center\" data-align=\"center\"><strong>Ciudad:<\/strong> Almer\u00eda<\/td><\/tr><tr><td class=\"has-text-align-center\" data-align=\"center\"><strong>En Aesclick desde:<\/strong> 2011<\/td><\/tr><tr><td class=\"has-text-align-center\" data-align=\"center\"><strong>N\u00ba de clicks:<\/strong>\u00a0Tengo unos 6500 motivos para no decir cu\u00e1ntos tengo.<\/td><\/tr><tr><td class=\"has-text-align-center\" data-align=\"center\"><strong>Tem\u00e1tica favorita:<\/strong>\u00a0Medieval.<\/td><\/tr><tr><td class=\"has-text-align-center\" data-align=\"center\"><strong>Curiosidades:<\/strong> Soy anti cajas cerradas.<\/td><\/tr><\/tbody><\/table><\/figure>\n\n\n\n<p><strong>\u00bfA qu\u00e9 edad tuviste tu primer Playmobil? \u00bfCu\u00e1l fue? \u00bfLo conservas?<\/strong><br><br>Sobre 6-7 a\u00f1os. Un sheriff de color negro, brazos blancos y pa\u00f1uelo rojo. Estoy seguro de que todos sab\u00e9is a cual me refiero. Se llamaba Jhonny. Digo se llamaba porque efectivamente no lo conservo. Los pocos que pude tener fueron \u2018entregados en sacrificio\u2019 por mi madre cuando ya era un adolescente y sin que yo me enterase hasta que fue demasiado tarde. Estoy seguro de que fueron \u2018destrozados\u2019 por aquel ni\u00f1o que los recibi\u00f3.<\/p>\n\n\n\n<p><strong>\u00bfY a qu\u00e9 edad empezaste a coleccionarlos?<\/strong><br><br>Sobre el a\u00f1o 2011 puedo decir que empez\u00f3 esta locura. Siempre que iba a un centro comercial o a una jugueter\u00eda, era visita obligada al \u2018pasillo azul\u2019 de la que sal\u00eda con alguna figura, pero sobre ese a\u00f1o, mi Nuria ya ten\u00eda 5 a\u00f1os y un dia me pidio jugar con esos \u2018mu\u00f1ecos\u2019 que ten\u00eda en la estanter\u00eda\u2026 y como negarse a esa petici\u00f3n. Ah\u00ed empez\u00f3 todo. Entr\u00e9 en eBay, compr\u00e9 alg\u00fan lote de figuras de ni\u00f1o para ella y buscando en internet me encuentro una noticia de que una asociaci\u00f3n de coleccionistas llamada Aesclick hab\u00eda conseguido un r\u00e9cord Guinness en un pueblo llamado Barbastro.<\/p>\n\n\n\n<p>No era consciente de que el \u00fanico juguete de mi ni\u00f1ez pod\u00eda representar aquellos dioramas, escenarios que mil veces has imaginado siendo ni\u00f1o, ah\u00ed estaban.<\/p>\n\n\n\n<p>As\u00ed que si tengo que buscar culpable de caer en esto, puedo decir que fue mi hija Nuri, a la que solo puedo decirle \u2018gracias\u2019 por abrirme los ojos.<\/p>\n\n\n\n<p><strong>\u00bfQu\u00e9 son los Playmobil para ti?<\/strong><br><br>Esos ratos de bajar al s\u00f3tano para preparar, limpiar, clasificar, montar, son el \u2018Tik-kat\u2019 del d\u00eda. Me pongo un poco de m\u00fasica y a disfrutar.<\/p>\n\n\n\n<figure class=\"wp-block-table aligncenter\"><table><tbody><tr><td class=\"has-text-align-center\" data-align=\"center\"><img loading=\"lazy\" decoding=\"async\" width=\"750\" height=\"563\" class=\"wp-image-3801\" style=\"width: 750px;\" src=\"https:\/\/www.aesclick.com\/public\/wordpress\/wp-content\/uploads\/2026\/05\/Parte-del-equipazo-de-Bineta.jpg\" alt=\"\" srcset=\"https:\/\/www.aesclick.com\/public\/wordpress\/wp-content\/uploads\/2026\/05\/Parte-del-equipazo-de-Bineta.jpg 1280w, https:\/\/www.aesclick.com\/public\/wordpress\/wp-content\/uploads\/2026\/05\/Parte-del-equipazo-de-Bineta-300x225.jpg 300w, https:\/\/www.aesclick.com\/public\/wordpress\/wp-content\/uploads\/2026\/05\/Parte-del-equipazo-de-Bineta-1024x768.jpg 1024w, https:\/\/www.aesclick.com\/public\/wordpress\/wp-content\/uploads\/2026\/05\/Parte-del-equipazo-de-Bineta-768x576.jpg 768w\" sizes=\"auto, (max-width: 750px) 100vw, 750px\" \/>Parte del equipazo que mont\u00f3 Bineta en Antequera en 2013, incluido Yayo (segundo por la izq.)<\/td><\/tr><\/tbody><\/table><\/figure>\n\n\n\n<p><strong>\u00bfQu\u00e9 te aportan los Playmobil que no te aporten otros mu\u00f1ecos?<\/strong><br><br>Algunos conocidos me hacen siempre la comparaci\u00f3n con Lego, que si es mas completo, que si da mas posibilidades\u2026 pero es que Playmobil es todo lo que tu imagines y quieras. \u00bfQu\u00e9 m\u00e1s se puede necesitar?<\/p>\n\n\n\n<p><strong>\u00bfQu\u00e9 opina tu familia o tus amigos de que colecciones Playmobil?<\/strong><\/p>\n\n\n\n<p>jejejeje. Mi madre se sorprendi\u00f3 mucho cuando llegamos a comer a su casa, con las ni\u00f1as y llev\u00e1bamos una mochila llena de mu\u00f1ecos y jugamos mientras se preparaba la mesa. \u00bfLos amigos? Todos ten\u00edan hijos peque\u00f1os, de la edad de las m\u00edas y a todos les encantaba. Algunos ped\u00edan venir a casa solo para poder jugar, lo cual me ha llevado a recibir alguna \u2018donaci\u00f3n\u2019 cuando esos ni\u00f1os se han hecho mayores.<\/p>\n\n\n\n<p><strong>\u00bfTienes pensado dejar de coleccionar? \u00bfO has pensado en vender tu colecci\u00f3n?<\/strong><\/p>\n\n\n\n<p>No, a d\u00eda de hoy no, aunque no te miento si te digo que he puesto fecha para empezar a \u2018soltar\u2019.<\/p>\n\n\n\n<p><strong>\u00bfA qu\u00e9 tipo de coleccionista de Playmobil crees que perteneces?<\/strong><br><br>Todo lo que tengo, o casi todo, lo tengo con el objetivo de montar dioramas. No tengo casi ninguna caja cerrada y no guard\u00f3 ni una sola caja de cart\u00f3n.<\/p>\n\n\n\n<figure class=\"wp-block-table aligncenter\"><table><tbody><tr><td class=\"has-text-align-center\" data-align=\"center\"><img loading=\"lazy\" decoding=\"async\" width=\"750\" height=\"563\" class=\"wp-image-3807\" style=\"width: 750px;\" src=\"https:\/\/www.aesclick.com\/public\/wordpress\/wp-content\/uploads\/2026\/05\/Marzo-2018-Montando-el-escaparate-de-una-jugueteria-en-Sevilla.jpg\" alt=\"\" srcset=\"https:\/\/www.aesclick.com\/public\/wordpress\/wp-content\/uploads\/2026\/05\/Marzo-2018-Montando-el-escaparate-de-una-jugueteria-en-Sevilla.jpg 960w, https:\/\/www.aesclick.com\/public\/wordpress\/wp-content\/uploads\/2026\/05\/Marzo-2018-Montando-el-escaparate-de-una-jugueteria-en-Sevilla-300x225.jpg 300w, https:\/\/www.aesclick.com\/public\/wordpress\/wp-content\/uploads\/2026\/05\/Marzo-2018-Montando-el-escaparate-de-una-jugueteria-en-Sevilla-768x576.jpg 768w\" sizes=\"auto, (max-width: 750px) 100vw, 750px\" \/><br>Montaje de escaparate de una jugueter\u00eda en Sevilla hecho por Yayo.<\/td><\/tr><\/tbody><\/table><\/figure>\n\n\n\n<p><strong>\u00bfD\u00f3nde guardas tus Playmobil m\u00e1s preciados?<\/strong><br><br>Los tengo puestos en varios expositores escalonados en el s\u00f3tano, en mi \u2018cueva\u2019.<\/p>\n\n\n\n<p><strong>\u00bfSueles customizar o prefieres dejar los mu\u00f1ecos tal como son los originales?<\/strong><br><br>Todos est\u00e1n customizados, cambios de pelo y barba, casi todos. Y obviamente, tambi\u00e9n intercambio de torsos, brazos y piernas.<\/p>\n\n\n\n<figure class=\"wp-block-table aligncenter\"><table><tbody><tr><td class=\"has-text-align-center\" data-align=\"center\"><img loading=\"lazy\" decoding=\"async\" width=\"750\" height=\"561\" class=\"wp-image-3802\" style=\"width: 750px;\" src=\"https:\/\/www.aesclick.com\/public\/wordpress\/wp-content\/uploads\/2026\/05\/algunos-de-mis-avatares-scaled.jpg\" alt=\"\" srcset=\"https:\/\/www.aesclick.com\/public\/wordpress\/wp-content\/uploads\/2026\/05\/algunos-de-mis-avatares-scaled.jpg 2560w, https:\/\/www.aesclick.com\/public\/wordpress\/wp-content\/uploads\/2026\/05\/algunos-de-mis-avatares-300x224.jpg 300w, https:\/\/www.aesclick.com\/public\/wordpress\/wp-content\/uploads\/2026\/05\/algunos-de-mis-avatares-1024x766.jpg 1024w, https:\/\/www.aesclick.com\/public\/wordpress\/wp-content\/uploads\/2026\/05\/algunos-de-mis-avatares-768x574.jpg 768w, https:\/\/www.aesclick.com\/public\/wordpress\/wp-content\/uploads\/2026\/05\/algunos-de-mis-avatares-1536x1149.jpg 1536w, https:\/\/www.aesclick.com\/public\/wordpress\/wp-content\/uploads\/2026\/05\/algunos-de-mis-avatares-2048x1532.jpg 2048w\" sizes=\"auto, (max-width: 750px) 100vw, 750px\" \/>Algunos de los 58 avatares de Yayo&#8230;<\/td><\/tr><\/tbody><\/table><\/figure>\n\n\n\n<p><strong>\u00bfPuedes decirnos qu\u00e9 representa tu avatar, por qu\u00e9 lo elegiste y qu\u00e9 significa para ti?<\/strong><\/p>\n\n\n\n<p>Pues despu\u00e9s de probar varias opciones (primero la figura de un ni\u00f1o que era la figura favorita de mi hija, luego un pirata con gafas, una figura de city con gafas y un ordenador en la mano\u2026), sali\u00f3 la figura de Ser Garret de Super4 y aquella cabeza me llev\u00f3 de cabeza. Era muy diferente a lo habitual y la adopte, sobre todo porque quiera que mi avatar pudiese pertenecer o participar en todas las tem\u00e1ticas posibles. As\u00ed que ahora tengo 58 avatares diferentes, todos con la misma cabeza.<\/p>\n\n\n\n<p><strong>\u00bfCu\u00e1l es tu tem\u00e1tica favorita y que tema te gustar\u00eda que tocase Playmobil?<\/strong><\/p>\n\n\n\n<p>Tengo varias favoritas, sobre todo medieval, pero princesas, hadas y vikingos son las otras. \u00bfTem\u00e1tica a tocar por Playmobil? Sinceramente, con que todos los a\u00f1os recuperar\u00e1n algunas de las casas medievales de anta\u00f1o, ser\u00eda m\u00e1s que feliz y estoy seguro de que no ser\u00eda yo el \u00fanico.<\/p>\n\n\n\n<p><strong>\u00bfC\u00f3mo conociste Aesclick? \u00bfPor qu\u00e9 decidiste inscribirte en la asociaci\u00f3n?<\/strong><\/p>\n\n\n\n<p>Con las noticias sobre el r\u00e9cord Guinness conseguido en Barbastro. \u00bfY el entrar a formar parte de Aesclick? Ten\u00eda que verlo con mis propios ojos, ver como se creaban esas maravillas, conocer a quienes lo hac\u00edan posible, as\u00ed que ah\u00ed hab\u00eda que estar.<\/p>\n\n\n\n<p><strong>\u00bfQu\u00e9 es para ti Aesclick?<\/strong><br><br>Seg\u00fan la RAE es un grupo de frikis, aunque la realidad va m\u00e1s all\u00e1. Compa\u00f1eros de afici\u00f3n, cada uno con nuestras rarezas y man\u00edas, pero todos con un sentimiento solidario y de apoyo que va m\u00e1s all\u00e1 de lo normal. Mis hijas empezaron como baby socias y ya son socias en firme y espero que por much\u00edsimos a\u00f1os sigamos formando parte de ella.<\/p>\n\n\n\n<figure class=\"wp-block-table aligncenter\"><table><tbody><tr><td class=\"has-text-align-center\" data-align=\"center\"><img loading=\"lazy\" decoding=\"async\" width=\"750\" height=\"563\" class=\"wp-image-3806\" style=\"width: 750px;\" src=\"https:\/\/www.aesclick.com\/public\/wordpress\/wp-content\/uploads\/2026\/05\/He-sido-vendido-como-esclavo-scaled.jpg\" alt=\"\" srcset=\"https:\/\/www.aesclick.com\/public\/wordpress\/wp-content\/uploads\/2026\/05\/He-sido-vendido-como-esclavo-scaled.jpg 2560w, https:\/\/www.aesclick.com\/public\/wordpress\/wp-content\/uploads\/2026\/05\/He-sido-vendido-como-esclavo-300x225.jpg 300w, https:\/\/www.aesclick.com\/public\/wordpress\/wp-content\/uploads\/2026\/05\/He-sido-vendido-como-esclavo-1024x768.jpg 1024w, https:\/\/www.aesclick.com\/public\/wordpress\/wp-content\/uploads\/2026\/05\/He-sido-vendido-como-esclavo-768x576.jpg 768w, https:\/\/www.aesclick.com\/public\/wordpress\/wp-content\/uploads\/2026\/05\/He-sido-vendido-como-esclavo-1536x1152.jpg 1536w, https:\/\/www.aesclick.com\/public\/wordpress\/wp-content\/uploads\/2026\/05\/He-sido-vendido-como-esclavo-2048x1536.jpg 2048w\" sizes=\"auto, (max-width: 750px) 100vw, 750px\" \/>Yayo ha sido vendido como esclavo.<\/td><\/tr><\/tbody><\/table><\/figure>\n\n\n\n<p><strong>\u00bfQu\u00e9 es lo que m\u00e1s te gusta de Aesclick? \u00bfY lo que menos?<\/strong><br><br>La solidaridad. \u00bfD\u00f3nde vas a encontrar tu otra asociaci\u00f3n en la que sus miembros carguen sus propios coches con sus colecciones y se peguen una panz\u00e1 de kil\u00f3metros y de horas de trabajo de forma altruista por una buena causa?<\/p>\n\n\n\n<p>Y lo que menos me gusta, pues que en el fondo somos personas y nuestras man\u00edas, egos y el \u2018tengo raz\u00f3n\u2019 debilitan al grupo.<\/p>\n\n\n\n<p><strong>\u00bfQu\u00e9 cambiar\u00edas de Aesclick?<\/strong><br><br>Nada. Aesclick est\u00e1 bien as\u00ed, con nuestros defectos y nuestras virtudes.<\/p>\n\n\n\n<p><strong>\u00bfQu\u00e9 cosas te gustar\u00eda que te proporcionara Aesclick?<\/strong><\/p>\n\n\n\n<p>Pienso en una respuesta y la verdad que no encuentro ninguna. Todo lo que se me viene a la mente son para que Playmobil recuperase el PCC y no se olvidara de los coleccionistas.<\/p>\n\n\n\n<p><strong>Te hemos visto en varias exposiciones\u2026 \u00bfDe cu\u00e1l guardas un mejor recuerdo? \u00bfPor qu\u00e9?<\/strong><\/p>\n\n\n\n<p>Sin duda Antequera 2013: Bineta. Que experiencia, que planificaci\u00f3n, que montaje tan espectacular. La de personas trabajando juntas, la de noches pasando un fr\u00edo que pela en esa plaza de toros, la fiesta del desmontaje.<\/p>\n\n\n\n<p><strong>\u00bfTienes pensado exponer pr\u00f3ximamente o en el futuro?<\/strong><\/p>\n\n\n\n<p>Por supuesto, aunque he bajado el ritmo estos \u00faltimos a\u00f1os, las ganas no se pierden. Y aunque parezca mentira, se sigue comprando material, menos cantidad, pero siguen llegando paquetitos a la oficina (nunca a casa\u2026) siempre con el objetivo de montar.<\/p>\n\n\n\n<p><strong>\u00bfQu\u00e9 es lo que m\u00e1s te gusta de estos eventos?<\/strong><br><br>Todo. Ver como trabajan el resto de montadores, que piezas traen personalizadas, compartir consejos, observar, aprender, esas charlas durante las comidas, alguna que otra fiesta nocturna\u2026<\/p>\n\n\n\n<p><strong>\u00bfC\u00f3mo presentar\u00edas a Aesclick a alguien que no conociera sus actividades y su fin?<\/strong><\/p>\n\n\n\n<p>Muy sencillo: \u201cte gustan los Playmobil, tu sitio est\u00e1 en Aesclick\u201d.<\/p>\n\n\n\n<figure class=\"wp-block-table aligncenter\"><table><tbody><tr><td class=\"has-text-align-center\" data-align=\"center\"><img loading=\"lazy\" decoding=\"async\" width=\"750\" height=\"563\" class=\"wp-image-3803\" style=\"width: 750px;\" src=\"https:\/\/www.aesclick.com\/public\/wordpress\/wp-content\/uploads\/2026\/05\/Durante-el-desmonaje-de-Bineta.jpg\" alt=\"\" srcset=\"https:\/\/www.aesclick.com\/public\/wordpress\/wp-content\/uploads\/2026\/05\/Durante-el-desmonaje-de-Bineta.jpg 1280w, https:\/\/www.aesclick.com\/public\/wordpress\/wp-content\/uploads\/2026\/05\/Durante-el-desmonaje-de-Bineta-300x225.jpg 300w, https:\/\/www.aesclick.com\/public\/wordpress\/wp-content\/uploads\/2026\/05\/Durante-el-desmonaje-de-Bineta-1024x768.jpg 1024w, https:\/\/www.aesclick.com\/public\/wordpress\/wp-content\/uploads\/2026\/05\/Durante-el-desmonaje-de-Bineta-768x576.jpg 768w\" sizes=\"auto, (max-width: 750px) 100vw, 750px\" \/>Durante el desmontaje de Antequera&#8230;<\/td><\/tr><\/tbody><\/table><\/figure>\n\n\n\n<p class=\"has-text-align-center\">&nbsp;<a href=\"https:\/\/www.aesclick.com\/public\/wordpress\/?p=1405\">Entrevistas a los socios<\/a><\/p>\n\n\n\n<p><\/p>\n","protected":false},"excerpt":{"rendered":"<p>Yayo montando en la exposici\u00f3n de Bilbao en diciembre de<\/p>\n","protected":false},"author":1,"featured_media":0,"comment_status":"closed","ping_status":"closed","sticky":false,"template":"","format":"standard","meta":{"footnotes":""},"categories":[10],"tags":[],"class_list":["post-3808","post","type-post","status-publish","format-standard","hentry","category-entrevistas-socios"],"_links":{"self":[{"href":"https:\/\/www.aesclick.com\/public\/wordpress\/index.php?rest_route=\/wp\/v2\/posts\/3808","targetHints":{"allow":["GET"]}}],"collection":[{"href":"https:\/\/www.aesclick.com\/public\/wordpress\/index.php?rest_route=\/wp\/v2\/posts"}],"about":[{"href":"https:\/\/www.aesclick.com\/public\/wordpress\/index.php?rest_route=\/wp\/v2\/types\/post"}],"author":[{"embeddable":true,"href":"https:\/\/www.aesclick.com\/public\/wordpress\/index.php?rest_route=\/wp\/v2\/users\/1"}],"replies":[{"embeddable":true,"href":"https:\/\/www.aesclick.com\/public\/wordpress\/index.php?rest_route=%2Fwp%2Fv2%2Fcomments&post=3808"}],"version-history":[{"count":3,"href":"https:\/\/www.aesclick.com\/public\/wordpress\/index.php?rest_route=\/wp\/v2\/posts\/3808\/revisions"}],"predecessor-version":[{"id":3811,"href":"https:\/\/www.aesclick.com\/public\/wordpress\/index.php?rest_route=\/wp\/v2\/posts\/3808\/revisions\/3811"}],"wp:attachment":[{"href":"https:\/\/www.aesclick.com\/public\/wordpress\/index.php?rest_route=%2Fwp%2Fv2%2Fmedia&parent=3808"}],"wp:term":[{"taxonomy":"category","embeddable":true,"href":"https:\/\/www.aesclick.com\/public\/wordpress\/index.php?rest_route=%2Fwp%2Fv2%2Fcategories&post=3808"},{"taxonomy":"post_tag","embeddable":true,"href":"https:\/\/www.aesclick.com\/public\/wordpress\/index.php?rest_route=%2Fwp%2Fv2%2Ftags&post=3808"}],"curies":[{"name":"wp","href":"https:\/\/api.w.org\/{rel}","templated":true}]}}